{"id":128,"date":"2021-09-20T09:42:33","date_gmt":"2021-09-20T09:42:33","guid":{"rendered":"https:\/\/ilerdaautomocion.es\/?p=128"},"modified":"2021-09-20T09:42:35","modified_gmt":"2021-09-20T09:42:35","slug":"ofertas-en-elevadores-de-dos-columnas","status":"publish","type":"post","link":"https:\/\/ilerdaautomocion.es\/?p=128","title":{"rendered":"OFERTAS en Elevadores de Dos Columnas"},"content":{"rendered":"","protected":false},"excerpt":{"rendered":"","protected":false},"author":1,"featured_media":0,"comment_status":"closed","ping_status":"closed","sticky":false,"template":"","format":"standard","meta":{"footnotes":""},"categories":[1],"tags":[],"class_list":["post-128","post","type-post","status-publish","format-standard","hentry","category-sincat"],"yoast_head":"<!-- This site is optimized with the Yoast SEO plugin v28.4 - https:\/\/yoast.com\/product\/yoast-seo-wordpress\/ -->\n<title>OFERTAS en Elevadores de Dos Columnas - Comercial ilerda de automoci\u00f3n<\/title>\n<meta name=\"robots\" content=\"index, follow, max-snippet:-1, max-image-preview:large, max-video-preview:-1\" \/>\n<link rel=\"canonical\" href=\"https:\/\/ilerdaautomocion.es\/?p=128\" \/>\n<meta property=\"og:locale\" content=\"es_ES\" \/>\n<meta property=\"og:type\" content=\"article\" \/>\n<meta property=\"og:title\" content=\"OFERTAS en Elevadores de Dos Columnas - Comercial ilerda de automoci\u00f3n\" \/>\n<meta property=\"og:url\" content=\"https:\/\/ilerdaautomocion.es\/?p=128\" \/>\n<meta property=\"og:site_name\" content=\"Comercial ilerda de automoci\u00f3n\" \/>\n<meta property=\"article:published_time\" content=\"2021-09-20T09:42:33+00:00\" \/>\n<meta property=\"article:modified_time\" content=\"2021-09-20T09:42:35+00:00\" \/>\n<meta name=\"author\" content=\"admin\" \/>\n<meta name=\"twitter:card\" content=\"summary_large_image\" \/>\n<meta name=\"twitter:label1\" content=\"Escrito por\" \/>\n\t<meta name=\"twitter:data1\" content=\"admin\" \/>\n<script type=\"application\/ld+json\" class=\"yoast-schema-graph\">{\"@context\":\"https:\\\/\\\/schema.org\",\"@graph\":[{\"@type\":\"Article\",\"@id\":\"https:\\\/\\\/ilerdaautomocion.es\\\/?p=128#article\",\"isPartOf\":{\"@id\":\"https:\\\/\\\/ilerdaautomocion.es\\\/?p=128\"},\"author\":{\"name\":\"admin\",\"@id\":\"https:\\\/\\\/ilerdaautomocion.es\\\/#\\\/schema\\\/person\\\/55be1d4937b21e170c9a66f42ec7e2f2\"},\"headline\":\"OFERTAS en Elevadores de Dos Columnas\",\"datePublished\":\"2021-09-20T09:42:33+00:00\",\"dateModified\":\"2021-09-20T09:42:35+00:00\",\"mainEntityOfPage\":{\"@id\":\"https:\\\/\\\/ilerdaautomocion.es\\\/?p=128\"},\"wordCount\":6,\"publisher\":{\"@id\":\"https:\\\/\\\/ilerdaautomocion.es\\\/#organization\"},\"articleSection\":[\"Sin Categoria\"],\"inLanguage\":\"es\"},{\"@type\":\"WebPage\",\"@id\":\"https:\\\/\\\/ilerdaautomocion.es\\\/?p=128\",\"url\":\"https:\\\/\\\/ilerdaautomocion.es\\\/?p=128\",\"name\":\"OFERTAS en Elevadores de Dos Columnas - Comercial ilerda de automoci\u00f3n\",\"isPartOf\":{\"@id\":\"https:\\\/\\\/ilerdaautomocion.es\\\/#website\"},\"datePublished\":\"2021-09-20T09:42:33+00:00\",\"dateModified\":\"2021-09-20T09:42:35+00:00\",\"breadcrumb\":{\"@id\":\"https:\\\/\\\/ilerdaautomocion.es\\\/?p=128#breadcrumb\"},\"inLanguage\":\"es\",\"potentialAction\":[{\"@type\":\"ReadAction\",\"target\":[\"https:\\\/\\\/ilerdaautomocion.es\\\/?p=128\"]}]},{\"@type\":\"BreadcrumbList\",\"@id\":\"https:\\\/\\\/ilerdaautomocion.es\\\/?p=128#breadcrumb\",\"itemListElement\":[{\"@type\":\"ListItem\",\"position\":1,\"name\":\"Portada\",\"item\":\"https:\\\/\\\/ilerdaautomocion.es\\\/\"},{\"@type\":\"ListItem\",\"position\":2,\"name\":\"OFERTAS en Elevadores de Dos Columnas\"}]},{\"@type\":\"WebSite\",\"@id\":\"https:\\\/\\\/ilerdaautomocion.es\\\/#website\",\"url\":\"https:\\\/\\\/ilerdaautomocion.es\\\/\",\"name\":\"Comercial ilerda de automoci\u00f3n\",\"description\":\"Comercial Ilerda de Automoci\u00f3n. Venta de maquinaria nueva y de ocasi\u00f3n.\",\"publisher\":{\"@id\":\"https:\\\/\\\/ilerdaautomocion.es\\\/#organization\"},\"potentialAction\":[{\"@type\":\"SearchAction\",\"target\":{\"@type\":\"EntryPoint\",\"urlTemplate\":\"https:\\\/\\\/ilerdaautomocion.es\\\/?s={search_term_string}\"},\"query-input\":{\"@type\":\"PropertyValueSpecification\",\"valueRequired\":true,\"valueName\":\"search_term_string\"}}],\"inLanguage\":\"es\"},{\"@type\":\"Organization\",\"@id\":\"https:\\\/\\\/ilerdaautomocion.es\\\/#organization\",\"name\":\"Comercial Ilerda de automoci\u00f3n\",\"url\":\"https:\\\/\\\/ilerdaautomocion.es\\\/\",\"logo\":{\"@type\":\"ImageObject\",\"inLanguage\":\"es\",\"@id\":\"https:\\\/\\\/ilerdaautomocion.es\\\/#\\\/schema\\\/logo\\\/image\\\/\",\"url\":\"https:\\\/\\\/ilerdaautomocion.es\\\/wp-content\\\/uploads\\\/2021\\\/09\\\/Comercialilerda_logo.jpg\",\"contentUrl\":\"https:\\\/\\\/ilerdaautomocion.es\\\/wp-content\\\/uploads\\\/2021\\\/09\\\/Comercialilerda_logo.jpg\",\"width\":465,\"height\":192,\"caption\":\"Comercial Ilerda de automoci\u00f3n\"},\"image\":{\"@id\":\"https:\\\/\\\/ilerdaautomocion.es\\\/#\\\/schema\\\/logo\\\/image\\\/\"}},{\"@type\":\"Person\",\"@id\":\"https:\\\/\\\/ilerdaautomocion.es\\\/#\\\/schema\\\/person\\\/55be1d4937b21e170c9a66f42ec7e2f2\",\"name\":\"admin\",\"image\":{\"@type\":\"ImageObject\",\"inLanguage\":\"es\",\"@id\":\"https:\\\/\\\/secure.gravatar.com\\\/avatar\\\/be74aa4b7360a7094e0ca611cd6a8691be4976f155d3367b367b96d1a412c01c?s=96&d=mm&r=g\",\"url\":\"https:\\\/\\\/secure.gravatar.com\\\/avatar\\\/be74aa4b7360a7094e0ca611cd6a8691be4976f155d3367b367b96d1a412c01c?s=96&d=mm&r=g\",\"contentUrl\":\"https:\\\/\\\/secure.gravatar.com\\\/avatar\\\/be74aa4b7360a7094e0ca611cd6a8691be4976f155d3367b367b96d1a412c01c?s=96&d=mm&r=g\",\"caption\":\"admin\"}}]}<\/script>\n<!-- \/ Yoast SEO plugin. -->","yoast_head_json":{"title":"OFERTAS en Elevadores de Dos Columnas - Comercial ilerda de automoci\u00f3n","robots":{"index":"index","follow":"follow","max-snippet":"max-snippet:-1","max-image-preview":"max-image-preview:large","max-video-preview":"max-video-preview:-1"},"canonical":"https:\/\/ilerdaautomocion.es\/?p=128","og_locale":"es_ES","og_type":"article","og_title":"OFERTAS en Elevadores de Dos Columnas - Comercial ilerda de automoci\u00f3n","og_url":"https:\/\/ilerdaautomocion.es\/?p=128","og_site_name":"Comercial ilerda de automoci\u00f3n","article_published_time":"2021-09-20T09:42:33+00:00","article_modified_time":"2021-09-20T09:42:35+00:00","author":"admin","twitter_card":"summary_large_image","twitter_misc":{"Escrito por":"admin"},"schema":{"@context":"https:\/\/schema.org","@graph":[{"@type":"Article","@id":"https:\/\/ilerdaautomocion.es\/?p=128#article","isPartOf":{"@id":"https:\/\/ilerdaautomocion.es\/?p=128"},"author":{"name":"admin","@id":"https:\/\/ilerdaautomocion.es\/#\/schema\/person\/55be1d4937b21e170c9a66f42ec7e2f2"},"headline":"OFERTAS en Elevadores de Dos Columnas","datePublished":"2021-09-20T09:42:33+00:00","dateModified":"2021-09-20T09:42:35+00:00","mainEntityOfPage":{"@id":"https:\/\/ilerdaautomocion.es\/?p=128"},"wordCount":6,"publisher":{"@id":"https:\/\/ilerdaautomocion.es\/#organization"},"articleSection":["Sin Categoria"],"inLanguage":"es"},{"@type":"WebPage","@id":"https:\/\/ilerdaautomocion.es\/?p=128","url":"https:\/\/ilerdaautomocion.es\/?p=128","name":"OFERTAS en Elevadores de Dos Columnas - Comercial ilerda de automoci\u00f3n","isPartOf":{"@id":"https:\/\/ilerdaautomocion.es\/#website"},"datePublished":"2021-09-20T09:42:33+00:00","dateModified":"2021-09-20T09:42:35+00:00","breadcrumb":{"@id":"https:\/\/ilerdaautomocion.es\/?p=128#breadcrumb"},"inLanguage":"es","potentialAction":[{"@type":"ReadAction","target":["https:\/\/ilerdaautomocion.es\/?p=128"]}]},{"@type":"BreadcrumbList","@id":"https:\/\/ilerdaautomocion.es\/?p=128#breadcrumb","itemListElement":[{"@type":"ListItem","position":1,"name":"Portada","item":"https:\/\/ilerdaautomocion.es\/"},{"@type":"ListItem","position":2,"name":"OFERTAS en Elevadores de Dos Columnas"}]},{"@type":"WebSite","@id":"https:\/\/ilerdaautomocion.es\/#website","url":"https:\/\/ilerdaautomocion.es\/","name":"Comercial ilerda de automoci\u00f3n","description":"Comercial Ilerda de Automoci\u00f3n. Venta de maquinaria nueva y de ocasi\u00f3n.","publisher":{"@id":"https:\/\/ilerdaautomocion.es\/#organization"},"potentialAction":[{"@type":"SearchAction","target":{"@type":"EntryPoint","urlTemplate":"https:\/\/ilerdaautomocion.es\/?s={search_term_string}"},"query-input":{"@type":"PropertyValueSpecification","valueRequired":true,"valueName":"search_term_string"}}],"inLanguage":"es"},{"@type":"Organization","@id":"https:\/\/ilerdaautomocion.es\/#organization","name":"Comercial Ilerda de automoci\u00f3n","url":"https:\/\/ilerdaautomocion.es\/","logo":{"@type":"ImageObject","inLanguage":"es","@id":"https:\/\/ilerdaautomocion.es\/#\/schema\/logo\/image\/","url":"https:\/\/ilerdaautomocion.es\/wp-content\/uploads\/2021\/09\/Comercialilerda_logo.jpg","contentUrl":"https:\/\/ilerdaautomocion.es\/wp-content\/uploads\/2021\/09\/Comercialilerda_logo.jpg","width":465,"height":192,"caption":"Comercial Ilerda de automoci\u00f3n"},"image":{"@id":"https:\/\/ilerdaautomocion.es\/#\/schema\/logo\/image\/"}},{"@type":"Person","@id":"https:\/\/ilerdaautomocion.es\/#\/schema\/person\/55be1d4937b21e170c9a66f42ec7e2f2","name":"admin","image":{"@type":"ImageObject","inLanguage":"es","@id":"https:\/\/secure.gravatar.com\/avatar\/be74aa4b7360a7094e0ca611cd6a8691be4976f155d3367b367b96d1a412c01c?s=96&d=mm&r=g","url":"https:\/\/secure.gravatar.com\/avatar\/be74aa4b7360a7094e0ca611cd6a8691be4976f155d3367b367b96d1a412c01c?s=96&d=mm&r=g","contentUrl":"https:\/\/secure.gravatar.com\/avatar\/be74aa4b7360a7094e0ca611cd6a8691be4976f155d3367b367b96d1a412c01c?s=96&d=mm&r=g","caption":"admin"}}]}},"_links":{"self":[{"href":"https:\/\/ilerdaautomocion.es\/index.php?rest_route=\/wp\/v2\/posts\/128","targetHints":{"allow":["GET"]}}],"collection":[{"href":"https:\/\/ilerdaautomocion.es\/index.php?rest_route=\/wp\/v2\/posts"}],"about":[{"href":"https:\/\/ilerdaautomocion.es\/index.php?rest_route=\/wp\/v2\/types\/post"}],"author":[{"embeddable":true,"href":"https:\/\/ilerdaautomocion.es\/index.php?rest_route=\/wp\/v2\/users\/1"}],"replies":[{"embeddable":true,"href":"https:\/\/ilerdaautomocion.es\/index.php?rest_route=%2Fwp%2Fv2%2Fcomments&post=128"}],"version-history":[{"count":1,"href":"https:\/\/ilerdaautomocion.es\/index.php?rest_route=\/wp\/v2\/posts\/128\/revisions"}],"predecessor-version":[{"id":129,"href":"https:\/\/ilerdaautomocion.es\/index.php?rest_route=\/wp\/v2\/posts\/128\/revisions\/129"}],"wp:attachment":[{"href":"https:\/\/ilerdaautomocion.es\/index.php?rest_route=%2Fwp%2Fv2%2Fmedia&parent=128"}],"wp:term":[{"taxonomy":"category","embeddable":true,"href":"https:\/\/ilerdaautomocion.es\/index.php?rest_route=%2Fwp%2Fv2%2Fcategories&post=128"},{"taxonomy":"post_tag","embeddable":true,"href":"https:\/\/ilerdaautomocion.es\/index.php?rest_route=%2Fwp%2Fv2%2Ftags&post=128"}],"curies":[{"name":"wp","href":"https:\/\/api.w.org\/{rel}","templated":true}]}}