{"id":64,"date":"2021-09-15T15:22:05","date_gmt":"2021-09-15T15:22:05","guid":{"rendered":"https:\/\/ilerdaautomocion.es\/?p=64"},"modified":"2021-09-15T15:38:55","modified_gmt":"2021-09-15T15:38:55","slug":"bienvenidos-a-nuestra-nueva-web","status":"publish","type":"post","link":"https:\/\/ilerdaautomocion.es\/?p=64","title":{"rendered":"Bienvenidos a nuestra nueva web."},"content":{"rendered":"","protected":false},"excerpt":{"rendered":"","protected":false},"author":1,"featured_media":0,"comment_status":"open","ping_status":"closed","sticky":false,"template":"","format":"standard","meta":{"footnotes":""},"categories":[11],"tags":[],"class_list":["post-64","post","type-post","status-publish","format-standard","hentry","category-eventos"],"yoast_head":"<!-- This site is optimized with the Yoast SEO plugin v28.4 - https:\/\/yoast.com\/product\/yoast-seo-wordpress\/ -->\n<title>Bienvenidos a nuestra nueva web. - Comercial ilerda de automoci\u00f3n<\/title>\n<meta name=\"robots\" content=\"index, follow, max-snippet:-1, max-image-preview:large, max-video-preview:-1\" \/>\n<link rel=\"canonical\" href=\"https:\/\/ilerdaautomocion.es\/?p=64\" \/>\n<meta property=\"og:locale\" content=\"es_ES\" \/>\n<meta property=\"og:type\" content=\"article\" \/>\n<meta property=\"og:title\" content=\"Bienvenidos a nuestra nueva web. - Comercial ilerda de automoci\u00f3n\" \/>\n<meta property=\"og:url\" content=\"https:\/\/ilerdaautomocion.es\/?p=64\" \/>\n<meta property=\"og:site_name\" content=\"Comercial ilerda de automoci\u00f3n\" \/>\n<meta property=\"article:published_time\" content=\"2021-09-15T15:22:05+00:00\" \/>\n<meta property=\"article:modified_time\" content=\"2021-09-15T15:38:55+00:00\" \/>\n<meta name=\"author\" content=\"admin\" \/>\n<meta name=\"twitter:card\" content=\"summary_large_image\" \/>\n<meta name=\"twitter:label1\" content=\"Escrito por\" \/>\n\t<meta name=\"twitter:data1\" content=\"admin\" \/>\n<script type=\"application\/ld+json\" class=\"yoast-schema-graph\">{\"@context\":\"https:\\\/\\\/schema.org\",\"@graph\":[{\"@type\":\"Article\",\"@id\":\"https:\\\/\\\/ilerdaautomocion.es\\\/?p=64#article\",\"isPartOf\":{\"@id\":\"https:\\\/\\\/ilerdaautomocion.es\\\/?p=64\"},\"author\":{\"name\":\"admin\",\"@id\":\"https:\\\/\\\/ilerdaautomocion.es\\\/#\\\/schema\\\/person\\\/55be1d4937b21e170c9a66f42ec7e2f2\"},\"headline\":\"Bienvenidos a nuestra nueva web.\",\"datePublished\":\"2021-09-15T15:22:05+00:00\",\"dateModified\":\"2021-09-15T15:38:55+00:00\",\"mainEntityOfPage\":{\"@id\":\"https:\\\/\\\/ilerdaautomocion.es\\\/?p=64\"},\"wordCount\":5,\"commentCount\":0,\"publisher\":{\"@id\":\"https:\\\/\\\/ilerdaautomocion.es\\\/#organization\"},\"articleSection\":[\"Eventos\"],\"inLanguage\":\"es\",\"potentialAction\":[{\"@type\":\"CommentAction\",\"name\":\"Comment\",\"target\":[\"https:\\\/\\\/ilerdaautomocion.es\\\/?p=64#respond\"]}]},{\"@type\":\"WebPage\",\"@id\":\"https:\\\/\\\/ilerdaautomocion.es\\\/?p=64\",\"url\":\"https:\\\/\\\/ilerdaautomocion.es\\\/?p=64\",\"name\":\"Bienvenidos a nuestra nueva web. - Comercial ilerda de automoci\u00f3n\",\"isPartOf\":{\"@id\":\"https:\\\/\\\/ilerdaautomocion.es\\\/#website\"},\"datePublished\":\"2021-09-15T15:22:05+00:00\",\"dateModified\":\"2021-09-15T15:38:55+00:00\",\"breadcrumb\":{\"@id\":\"https:\\\/\\\/ilerdaautomocion.es\\\/?p=64#breadcrumb\"},\"inLanguage\":\"es\",\"potentialAction\":[{\"@type\":\"ReadAction\",\"target\":[\"https:\\\/\\\/ilerdaautomocion.es\\\/?p=64\"]}]},{\"@type\":\"BreadcrumbList\",\"@id\":\"https:\\\/\\\/ilerdaautomocion.es\\\/?p=64#breadcrumb\",\"itemListElement\":[{\"@type\":\"ListItem\",\"position\":1,\"name\":\"Portada\",\"item\":\"https:\\\/\\\/ilerdaautomocion.es\\\/\"},{\"@type\":\"ListItem\",\"position\":2,\"name\":\"Bienvenidos a nuestra nueva web.\"}]},{\"@type\":\"WebSite\",\"@id\":\"https:\\\/\\\/ilerdaautomocion.es\\\/#website\",\"url\":\"https:\\\/\\\/ilerdaautomocion.es\\\/\",\"name\":\"Comercial ilerda de automoci\u00f3n\",\"description\":\"Comercial Ilerda de Automoci\u00f3n. Venta de maquinaria nueva y de ocasi\u00f3n.\",\"publisher\":{\"@id\":\"https:\\\/\\\/ilerdaautomocion.es\\\/#organization\"},\"potentialAction\":[{\"@type\":\"SearchAction\",\"target\":{\"@type\":\"EntryPoint\",\"urlTemplate\":\"https:\\\/\\\/ilerdaautomocion.es\\\/?s={search_term_string}\"},\"query-input\":{\"@type\":\"PropertyValueSpecification\",\"valueRequired\":true,\"valueName\":\"search_term_string\"}}],\"inLanguage\":\"es\"},{\"@type\":\"Organization\",\"@id\":\"https:\\\/\\\/ilerdaautomocion.es\\\/#organization\",\"name\":\"Comercial Ilerda de automoci\u00f3n\",\"url\":\"https:\\\/\\\/ilerdaautomocion.es\\\/\",\"logo\":{\"@type\":\"ImageObject\",\"inLanguage\":\"es\",\"@id\":\"https:\\\/\\\/ilerdaautomocion.es\\\/#\\\/schema\\\/logo\\\/image\\\/\",\"url\":\"https:\\\/\\\/ilerdaautomocion.es\\\/wp-content\\\/uploads\\\/2021\\\/09\\\/Comercialilerda_logo.jpg\",\"contentUrl\":\"https:\\\/\\\/ilerdaautomocion.es\\\/wp-content\\\/uploads\\\/2021\\\/09\\\/Comercialilerda_logo.jpg\",\"width\":465,\"height\":192,\"caption\":\"Comercial Ilerda de automoci\u00f3n\"},\"image\":{\"@id\":\"https:\\\/\\\/ilerdaautomocion.es\\\/#\\\/schema\\\/logo\\\/image\\\/\"}},{\"@type\":\"Person\",\"@id\":\"https:\\\/\\\/ilerdaautomocion.es\\\/#\\\/schema\\\/person\\\/55be1d4937b21e170c9a66f42ec7e2f2\",\"name\":\"admin\",\"image\":{\"@type\":\"ImageObject\",\"inLanguage\":\"es\",\"@id\":\"https:\\\/\\\/secure.gravatar.com\\\/avatar\\\/be74aa4b7360a7094e0ca611cd6a8691be4976f155d3367b367b96d1a412c01c?s=96&d=mm&r=g\",\"url\":\"https:\\\/\\\/secure.gravatar.com\\\/avatar\\\/be74aa4b7360a7094e0ca611cd6a8691be4976f155d3367b367b96d1a412c01c?s=96&d=mm&r=g\",\"contentUrl\":\"https:\\\/\\\/secure.gravatar.com\\\/avatar\\\/be74aa4b7360a7094e0ca611cd6a8691be4976f155d3367b367b96d1a412c01c?s=96&d=mm&r=g\",\"caption\":\"admin\"}}]}<\/script>\n<!-- \/ Yoast SEO plugin. -->","yoast_head_json":{"title":"Bienvenidos a nuestra nueva web. - Comercial ilerda de automoci\u00f3n","robots":{"index":"index","follow":"follow","max-snippet":"max-snippet:-1","max-image-preview":"max-image-preview:large","max-video-preview":"max-video-preview:-1"},"canonical":"https:\/\/ilerdaautomocion.es\/?p=64","og_locale":"es_ES","og_type":"article","og_title":"Bienvenidos a nuestra nueva web. - Comercial ilerda de automoci\u00f3n","og_url":"https:\/\/ilerdaautomocion.es\/?p=64","og_site_name":"Comercial ilerda de automoci\u00f3n","article_published_time":"2021-09-15T15:22:05+00:00","article_modified_time":"2021-09-15T15:38:55+00:00","author":"admin","twitter_card":"summary_large_image","twitter_misc":{"Escrito por":"admin"},"schema":{"@context":"https:\/\/schema.org","@graph":[{"@type":"Article","@id":"https:\/\/ilerdaautomocion.es\/?p=64#article","isPartOf":{"@id":"https:\/\/ilerdaautomocion.es\/?p=64"},"author":{"name":"admin","@id":"https:\/\/ilerdaautomocion.es\/#\/schema\/person\/55be1d4937b21e170c9a66f42ec7e2f2"},"headline":"Bienvenidos a nuestra nueva web.","datePublished":"2021-09-15T15:22:05+00:00","dateModified":"2021-09-15T15:38:55+00:00","mainEntityOfPage":{"@id":"https:\/\/ilerdaautomocion.es\/?p=64"},"wordCount":5,"commentCount":0,"publisher":{"@id":"https:\/\/ilerdaautomocion.es\/#organization"},"articleSection":["Eventos"],"inLanguage":"es","potentialAction":[{"@type":"CommentAction","name":"Comment","target":["https:\/\/ilerdaautomocion.es\/?p=64#respond"]}]},{"@type":"WebPage","@id":"https:\/\/ilerdaautomocion.es\/?p=64","url":"https:\/\/ilerdaautomocion.es\/?p=64","name":"Bienvenidos a nuestra nueva web. - Comercial ilerda de automoci\u00f3n","isPartOf":{"@id":"https:\/\/ilerdaautomocion.es\/#website"},"datePublished":"2021-09-15T15:22:05+00:00","dateModified":"2021-09-15T15:38:55+00:00","breadcrumb":{"@id":"https:\/\/ilerdaautomocion.es\/?p=64#breadcrumb"},"inLanguage":"es","potentialAction":[{"@type":"ReadAction","target":["https:\/\/ilerdaautomocion.es\/?p=64"]}]},{"@type":"BreadcrumbList","@id":"https:\/\/ilerdaautomocion.es\/?p=64#breadcrumb","itemListElement":[{"@type":"ListItem","position":1,"name":"Portada","item":"https:\/\/ilerdaautomocion.es\/"},{"@type":"ListItem","position":2,"name":"Bienvenidos a nuestra nueva web."}]},{"@type":"WebSite","@id":"https:\/\/ilerdaautomocion.es\/#website","url":"https:\/\/ilerdaautomocion.es\/","name":"Comercial ilerda de automoci\u00f3n","description":"Comercial Ilerda de Automoci\u00f3n. Venta de maquinaria nueva y de ocasi\u00f3n.","publisher":{"@id":"https:\/\/ilerdaautomocion.es\/#organization"},"potentialAction":[{"@type":"SearchAction","target":{"@type":"EntryPoint","urlTemplate":"https:\/\/ilerdaautomocion.es\/?s={search_term_string}"},"query-input":{"@type":"PropertyValueSpecification","valueRequired":true,"valueName":"search_term_string"}}],"inLanguage":"es"},{"@type":"Organization","@id":"https:\/\/ilerdaautomocion.es\/#organization","name":"Comercial Ilerda de automoci\u00f3n","url":"https:\/\/ilerdaautomocion.es\/","logo":{"@type":"ImageObject","inLanguage":"es","@id":"https:\/\/ilerdaautomocion.es\/#\/schema\/logo\/image\/","url":"https:\/\/ilerdaautomocion.es\/wp-content\/uploads\/2021\/09\/Comercialilerda_logo.jpg","contentUrl":"https:\/\/ilerdaautomocion.es\/wp-content\/uploads\/2021\/09\/Comercialilerda_logo.jpg","width":465,"height":192,"caption":"Comercial Ilerda de automoci\u00f3n"},"image":{"@id":"https:\/\/ilerdaautomocion.es\/#\/schema\/logo\/image\/"}},{"@type":"Person","@id":"https:\/\/ilerdaautomocion.es\/#\/schema\/person\/55be1d4937b21e170c9a66f42ec7e2f2","name":"admin","image":{"@type":"ImageObject","inLanguage":"es","@id":"https:\/\/secure.gravatar.com\/avatar\/be74aa4b7360a7094e0ca611cd6a8691be4976f155d3367b367b96d1a412c01c?s=96&d=mm&r=g","url":"https:\/\/secure.gravatar.com\/avatar\/be74aa4b7360a7094e0ca611cd6a8691be4976f155d3367b367b96d1a412c01c?s=96&d=mm&r=g","contentUrl":"https:\/\/secure.gravatar.com\/avatar\/be74aa4b7360a7094e0ca611cd6a8691be4976f155d3367b367b96d1a412c01c?s=96&d=mm&r=g","caption":"admin"}}]}},"_links":{"self":[{"href":"https:\/\/ilerdaautomocion.es\/index.php?rest_route=\/wp\/v2\/posts\/64","targetHints":{"allow":["GET"]}}],"collection":[{"href":"https:\/\/ilerdaautomocion.es\/index.php?rest_route=\/wp\/v2\/posts"}],"about":[{"href":"https:\/\/ilerdaautomocion.es\/index.php?rest_route=\/wp\/v2\/types\/post"}],"author":[{"embeddable":true,"href":"https:\/\/ilerdaautomocion.es\/index.php?rest_route=\/wp\/v2\/users\/1"}],"replies":[{"embeddable":true,"href":"https:\/\/ilerdaautomocion.es\/index.php?rest_route=%2Fwp%2Fv2%2Fcomments&post=64"}],"version-history":[{"count":1,"href":"https:\/\/ilerdaautomocion.es\/index.php?rest_route=\/wp\/v2\/posts\/64\/revisions"}],"predecessor-version":[{"id":65,"href":"https:\/\/ilerdaautomocion.es\/index.php?rest_route=\/wp\/v2\/posts\/64\/revisions\/65"}],"wp:attachment":[{"href":"https:\/\/ilerdaautomocion.es\/index.php?rest_route=%2Fwp%2Fv2%2Fmedia&parent=64"}],"wp:term":[{"taxonomy":"category","embeddable":true,"href":"https:\/\/ilerdaautomocion.es\/index.php?rest_route=%2Fwp%2Fv2%2Fcategories&post=64"},{"taxonomy":"post_tag","embeddable":true,"href":"https:\/\/ilerdaautomocion.es\/index.php?rest_route=%2Fwp%2Fv2%2Ftags&post=64"}],"curies":[{"name":"wp","href":"https:\/\/api.w.org\/{rel}","templated":true}]}}